{"id":3307,"date":"2020-04-22T09:47:47","date_gmt":"2020-04-22T09:47:47","guid":{"rendered":"http:\/\/igualdad.us.es\/?p=3307"},"modified":"2020-05-05T17:53:11","modified_gmt":"2020-05-05T17:53:11","slug":"iradiando-igualdad-en-casa-2x07","status":"publish","type":"post","link":"https:\/\/igualdad.us.es\/wpblog\/iradiando-igualdad-en-casa-2x07\/","title":{"rendered":"iRadiando Igualdad en casa 2&#215;07"},"content":{"rendered":"<p><strong><span style=\"color: #993366;\"><span class=\"episodioTit\">iRadiando <span style=\"color: #993366;\">Igualdad<\/span> en casa 2&#215;07: Ana Macanuco Rodr\u00edguez <\/span><\/span><\/strong><br \/>\n<span style=\"color: #999999;\">(Actividad-2020)<\/span><\/p>\n<p style=\"text-align: justify;\">Entrevista a <strong>Ana Macanuco Rodr\u00edguez<\/strong>, <strong>estudiante de Periodismo y part\u00edcipe de la comisi\u00f3n feminista de la Facultad de Comunicaci\u00f3n<\/strong>. Nos habla de las dificultades y las oportunidades que les ha brindado formar la comisi\u00f3n. Comenta el insuficiente tratamiento informativo que se le est\u00e1 dando en los medios de comunicaci\u00f3n al movimiento feminista, a los casos de maltrato a las mujeres y a la irrisoria pol\u00e9mica del 8M. Adem\u00e1s de mencionar que se est\u00e1 dando un incremento de la violencia machista, a causa del confinamiento por el covid-19 en los hogares, y animar a la poblaci\u00f3n a ayudar socialmente a las v\u00edctimas; ofrecer apoyo y concienciar socialmente sobre este asunto que nos ata\u00f1e a todos.<\/p>\n<p style=\"padding-left: 30px; text-align: justify;\"><a href=\"https:\/\/radio.us.es\/episodio\/i-radiando-igualdad-episodio-2x07-entrevista-a-ana-macanuco-rodriguez\/\" target=\"_blank\" rel=\"noopener\"><span style=\"color: #993366;\">Esc\u00fachalo aqu\u00ed<\/span> <img loading=\"lazy\" decoding=\"async\" class=\"size-full wp-image-923 alignnone\" src=\"https:\/\/igualdad.us.es\/wpblog\/wp-content\/uploads\/2018\/05\/microfono_20x20.png\" alt=\"\" width=\"20\" height=\"26\" \/><\/a> &#8211; <a href=\"https:\/\/radio.us.es\/wp-content\/uploads\/2020\/04\/Iradiando-ana.mp3\" target=\"_blank\" rel=\"noopener\"><span style=\"color: #993366;\">Desc\u00e1rgalo aqu\u00ed<\/span> <img loading=\"lazy\" decoding=\"async\" class=\"size-full wp-image-925 alignnone\" src=\"https:\/\/igualdad.us.es\/wpblog\/wp-content\/uploads\/2018\/05\/descarga_20x20.png\" alt=\"\" width=\"20\" height=\"19\" \/><\/a><\/p>\n<p>Para el resto de programas pulsa <a href=\"https:\/\/igualdad.us.es\/?page_id=1861\"><span style=\"color: #993366;\">aqu\u00ed<\/span><\/a><\/p>\n","protected":false},"excerpt":{"rendered":"<p>Entrevista a Ana Macanuco Rodr\u00edguez<\/p>\n","protected":false},"author":1,"featured_media":3312,"comment_status":"closed","ping_status":"closed","sticky":false,"template":"","format":"standard","meta":{"footnotes":""},"categories":[31,39,27],"tags":[],"class_list":["post-3307","post","type-post","status-publish","format-standard","has-post-thumbnail","hentry","category-actividad","category-actividad-propia","category-noticia"],"gutentor_comment":0,"_links":{"self":[{"href":"https:\/\/igualdad.us.es\/wpblog\/wp-json\/wp\/v2\/posts\/3307","targetHints":{"allow":["GET"]}}],"collection":[{"href":"https:\/\/igualdad.us.es\/wpblog\/wp-json\/wp\/v2\/posts"}],"about":[{"href":"https:\/\/igualdad.us.es\/wpblog\/wp-json\/wp\/v2\/types\/post"}],"author":[{"embeddable":true,"href":"https:\/\/igualdad.us.es\/wpblog\/wp-json\/wp\/v2\/users\/1"}],"replies":[{"embeddable":true,"href":"https:\/\/igualdad.us.es\/wpblog\/wp-json\/wp\/v2\/comments?post=3307"}],"version-history":[{"count":2,"href":"https:\/\/igualdad.us.es\/wpblog\/wp-json\/wp\/v2\/posts\/3307\/revisions"}],"predecessor-version":[{"id":3347,"href":"https:\/\/igualdad.us.es\/wpblog\/wp-json\/wp\/v2\/posts\/3307\/revisions\/3347"}],"wp:featuredmedia":[{"embeddable":true,"href":"https:\/\/igualdad.us.es\/wpblog\/wp-json\/wp\/v2\/media\/3312"}],"wp:attachment":[{"href":"https:\/\/igualdad.us.es\/wpblog\/wp-json\/wp\/v2\/media?parent=3307"}],"wp:term":[{"taxonomy":"category","embeddable":true,"href":"https:\/\/igualdad.us.es\/wpblog\/wp-json\/wp\/v2\/categories?post=3307"},{"taxonomy":"post_tag","embeddable":true,"href":"https:\/\/igualdad.us.es\/wpblog\/wp-json\/wp\/v2\/tags?post=3307"}],"curies":[{"name":"wp","href":"https:\/\/api.w.org\/{rel}","templated":true}]}}