{"id":3029,"date":"2020-02-05T11:59:28","date_gmt":"2020-02-05T11:59:28","guid":{"rendered":"http:\/\/igualdad.us.es\/?p=3029"},"modified":"2020-05-05T17:50:41","modified_gmt":"2020-05-05T17:50:41","slug":"iradiando-igualdad-2x03","status":"publish","type":"post","link":"https:\/\/igualdad.us.es\/wpblog\/iradiando-igualdad-2x03\/","title":{"rendered":"iRadiando Igualdad 2&#215;03"},"content":{"rendered":"<p><strong><span style=\"color: #993366;\"><span class=\"episodioTit\">iRadiando <span style=\"color: #993366;\">Igualdad<\/span> 2&#215;03: D\u00eda Internacional de la Mujer y la Ni\u00f1a en la Ciencia<\/span><\/span><\/strong><br \/>\n<span style=\"color: #999999;\">(Actividad-2020)<\/span><\/p>\n<p style=\"text-align: justify;\">Este programa versar\u00e1 sobre la situaci\u00f3n de <strong>la mujer en las ciencias<\/strong>. Traeremos la presentaci\u00f3n del <strong>c\u00f3mic \u201cCient\u00edficas: pasado, presente y futuro\u201d<\/strong> y leeremos un fragmento de \u00e9ste. A prop\u00f3sito de la obra, conversaremos con <strong>Mar\u00eda del Carmen Romero Ternero<\/strong> una de las protagonistas de \u00e9sta. Adem\u00e1s, entrevistaremos a <strong>Mar\u00eda Teresa Ruiz Cantero<\/strong> acerca de los sesgos de g\u00e9nero en la atenci\u00f3n sanitaria y debatiremos con dos <strong>alumnas de carreras STEM<\/strong> de la US: <strong>Roc\u00edo Garc\u00eda Hern\u00e1ndez<\/strong> y <strong>Julia P\u00e9rez Gonz\u00e1lez<\/strong>. Asimismo, conoceremos m\u00e1s acerca de la iniciativa \u201c<strong>Caf\u00e9 con Ciencia<\/strong>\u201d a trav\u00e9s de una de sus creadoras, <strong>Mar\u00eda del Carmen Esc\u00e1mez Almazo<\/strong>. Finalmente conoceremos las \u00faltimas novedades sobre algunas iniciativas significativas apoyadas por la Unidad para la Igualdad y otras noticias interesantes en materia de igualdad.<\/p>\n<p style=\"padding-left: 30px; text-align: justify;\"><a href=\"https:\/\/radio.us.es\/episodio\/i-radiando-igualdad-episodio-2x03-dia-internacional-de-la-mujer-y-la-nina-en-la-ciencia\/\" target=\"_blank\" rel=\"noopener\"><span style=\"color: #993366;\">Esc\u00fachalo aqu\u00ed<\/span> <img loading=\"lazy\" decoding=\"async\" class=\"size-full wp-image-923 alignnone\" src=\"https:\/\/igualdad.us.es\/wpblog\/wp-content\/uploads\/2018\/05\/microfono_20x20.png\" alt=\"\" width=\"20\" height=\"26\" \/><\/a> &#8211; <a href=\"https:\/\/radio.us.es\/wp-content\/uploads\/2020\/02\/programaradius-_final2x3.mp3\" target=\"_blank\" rel=\"noopener\"><span style=\"color: #993366;\">Desc\u00e1rgalo aqu\u00ed<\/span> <img loading=\"lazy\" decoding=\"async\" class=\"size-full wp-image-925 alignnone\" src=\"https:\/\/igualdad.us.es\/wpblog\/wp-content\/uploads\/2018\/05\/descarga_20x20.png\" alt=\"\" width=\"20\" height=\"19\" \/><\/a><\/p>\n<p>Para el resto de programas pulsa <a href=\"https:\/\/igualdad.us.es\/?page_id=1861\"><span style=\"color: #993366;\">aqu\u00ed<\/span><\/a><\/p>\n","protected":false},"excerpt":{"rendered":"<p>D\u00eda Internacional de la Mujer y la Ni\u00f1a en la Ciencia<\/p>\n","protected":false},"author":1,"featured_media":2082,"comment_status":"closed","ping_status":"closed","sticky":false,"template":"","format":"standard","meta":{"footnotes":""},"categories":[31,39,27],"tags":[],"class_list":["post-3029","post","type-post","status-publish","format-standard","has-post-thumbnail","hentry","category-actividad","category-actividad-propia","category-noticia"],"gutentor_comment":0,"_links":{"self":[{"href":"https:\/\/igualdad.us.es\/wpblog\/wp-json\/wp\/v2\/posts\/3029","targetHints":{"allow":["GET"]}}],"collection":[{"href":"https:\/\/igualdad.us.es\/wpblog\/wp-json\/wp\/v2\/posts"}],"about":[{"href":"https:\/\/igualdad.us.es\/wpblog\/wp-json\/wp\/v2\/types\/post"}],"author":[{"embeddable":true,"href":"https:\/\/igualdad.us.es\/wpblog\/wp-json\/wp\/v2\/users\/1"}],"replies":[{"embeddable":true,"href":"https:\/\/igualdad.us.es\/wpblog\/wp-json\/wp\/v2\/comments?post=3029"}],"version-history":[{"count":1,"href":"https:\/\/igualdad.us.es\/wpblog\/wp-json\/wp\/v2\/posts\/3029\/revisions"}],"predecessor-version":[{"id":3031,"href":"https:\/\/igualdad.us.es\/wpblog\/wp-json\/wp\/v2\/posts\/3029\/revisions\/3031"}],"wp:featuredmedia":[{"embeddable":true,"href":"https:\/\/igualdad.us.es\/wpblog\/wp-json\/wp\/v2\/media\/2082"}],"wp:attachment":[{"href":"https:\/\/igualdad.us.es\/wpblog\/wp-json\/wp\/v2\/media?parent=3029"}],"wp:term":[{"taxonomy":"category","embeddable":true,"href":"https:\/\/igualdad.us.es\/wpblog\/wp-json\/wp\/v2\/categories?post=3029"},{"taxonomy":"post_tag","embeddable":true,"href":"https:\/\/igualdad.us.es\/wpblog\/wp-json\/wp\/v2\/tags?post=3029"}],"curies":[{"name":"wp","href":"https:\/\/api.w.org\/{rel}","templated":true}]}}