{"id":2860,"date":"2019-11-25T10:50:57","date_gmt":"2019-11-25T10:50:57","guid":{"rendered":"http:\/\/igualdad.us.es\/?p=2860"},"modified":"2019-11-25T10:52:06","modified_gmt":"2019-11-25T10:52:06","slug":"x-congreso-para-el-estudio-de-la-violencia-contra-las-mujeres","status":"publish","type":"post","link":"https:\/\/igualdad.us.es\/wpblog\/x-congreso-para-el-estudio-de-la-violencia-contra-las-mujeres\/","title":{"rendered":"X Congreso para el Estudio de la Violencia contra las Mujeres"},"content":{"rendered":"<p><strong><span style=\"color: #993366;\">X Congreso Internacional para el Estudio de la Violencia contra las Mujeres<\/span><\/strong><br \/>\n<span style=\"color: #999999;\">(2019)<\/span><\/p>\n<p style=\"text-align: justify;\">Se pone en marcha la d\u00e9cima edici\u00f3n del Congreso Internacional para el Estudio de la Violencia contra las Mujeres, un foro de encuentro, participaci\u00f3n, formaci\u00f3n e investigaci\u00f3n en violencia de g\u00e9nero. Con el lema \u00ab<strong>la violencia de g\u00e9nero: una cuesti\u00f3n de derechos humanos<\/strong>\u00ab, el X Congreso tendr\u00e1 como hilo conductor las modificaciones producidas por la Ley 7\/2018, de 30 de julio, por la que se modifica la Ley 13\/2007, de 26 de noviembre, de medidas de prevenci\u00f3n y protecci\u00f3n integral contra la violencia de g\u00e9nero y el Pacto de Estado en materia de Violencia de G\u00e9nero.<\/p>\n<p style=\"text-align: justify;\">La organizaci\u00f3n de este Congreso parte del convencimiento de que la formaci\u00f3n e informaci\u00f3n permanente y especializada en violencia de g\u00e9nero y la participaci\u00f3n de los distintos \u00e1mbitos directamente relacionados con su tratamiento, como son los profesionales y el personal que trabaja en los distintos sistemas de promoci\u00f3n y protecci\u00f3n social, y las asociaciones de mujeres, colectivos, agentes sociales y colegios profesionales de los diferentes territorios, son claves para seguir avanzando en la prevenci\u00f3n, atenci\u00f3n y erradicaci\u00f3n de la violencia de g\u00e9nero. Por ello, esta cita va dirigida a personas que trabajan en el \u00e1mbito de la atenci\u00f3n a las v\u00edctimas de la violencia de g\u00e9nero (\u00e1mbito judicial, educaci\u00f3n, centros de la mujer, asuntos sociales, cuerpos y fuerzas de seguridad, salud, comunicaci\u00f3n&#8230;), as\u00ed como a todas las personas y entidades interesadas en materia de igualdad de g\u00e9nero y prevenci\u00f3n de la violencia machista.<\/p>\n<p><strong>Bases para la presentaci\u00f3n de art\u00edculos y comunicaciones cient\u00edficas<\/strong> <span style=\"color: #993366;\"><strong><a style=\"color: #993366;\" href=\"https:\/\/www.congresoestudioviolenciagenero.es\/documents\/4140287\/4145836\/Bases+art%C3%ADculos+cient%C3%ADficos+-+X+Congreso+2019.pdf\/298c8555-e740-49ad-a437-fe80a6fa0b22\" target=\"_blank\" rel=\"noopener\">aqu\u00ed.<\/a><\/strong><\/span> Plazo hasta el 29 de noviembre de 2019.<\/p>\n<p><strong>Bases para la presentaci\u00f3n de participaci\u00f3n e intercambios de experiencias<\/strong> <strong><span style=\"color: #993366;\"><a style=\"color: #993366;\" href=\"https:\/\/www.congresoestudioviolenciagenero.es\/documents\/4140287\/4145836\/Bases+Buenas+pr%C3%A1cticas+-+X+Congreso+2019.pdf\/c33ba56b-ee07-4c07-aa3a-34dfb1c1fdd5\" target=\"_blank\" rel=\"noopener\">aqu\u00ed<\/a><\/span><\/strong>. Plazo hasta el el 29 de noviembre de 2019.<\/p>\n<p><strong>Organiza<\/strong>: Consejer\u00eda de Igualdad, Pol\u00edticas Sociales y Conciliaci\u00f3n, a trav\u00e9s de la Direcci\u00f3n General de Violencia de G\u00e9nero, Igualdad de Trato y Diversidad, de la Junta de Andaluc\u00eda.<br \/>\n<strong>Realizaci\u00f3n:<\/strong> 2 y 3 de diciembre de 2019, en el Palacio de Congresos y Exposiciones de Sevilla (FIBES).<br \/>\n<strong>Inscripci\u00f3n:<\/strong> Gratuita hasta completar aforo.<br \/>\n<strong>+ Informaci\u00f3n e inscripci\u00f3n: <span style=\"color: #993366;\"><a style=\"color: #993366;\" href=\"https:\/\/www.juntadeandalucia.es\/organismos\/igualdadpoliticassocialesyconciliacion\/actualidad\/eventos\/detalle\/184783.html\" target=\"_blank\" rel=\"noopener\">aqu\u00ed<\/a><\/span><\/strong><\/p>\n<p>&nbsp;<\/p>\n","protected":false},"excerpt":{"rendered":"<p>2 y 3 de diciembre de 2019<\/p>\n","protected":false},"author":1,"featured_media":2861,"comment_status":"closed","ping_status":"closed","sticky":false,"template":"","format":"standard","meta":{"footnotes":""},"categories":[31,41,29,30,27],"tags":[],"class_list":["post-2860","post","type-post","status-publish","format-standard","has-post-thumbnail","hentry","category-actividad","category-actividad-externa","category-formacion","category-formacion-externa","category-noticia"],"gutentor_comment":0,"_links":{"self":[{"href":"https:\/\/igualdad.us.es\/wpblog\/wp-json\/wp\/v2\/posts\/2860","targetHints":{"allow":["GET"]}}],"collection":[{"href":"https:\/\/igualdad.us.es\/wpblog\/wp-json\/wp\/v2\/posts"}],"about":[{"href":"https:\/\/igualdad.us.es\/wpblog\/wp-json\/wp\/v2\/types\/post"}],"author":[{"embeddable":true,"href":"https:\/\/igualdad.us.es\/wpblog\/wp-json\/wp\/v2\/users\/1"}],"replies":[{"embeddable":true,"href":"https:\/\/igualdad.us.es\/wpblog\/wp-json\/wp\/v2\/comments?post=2860"}],"version-history":[{"count":2,"href":"https:\/\/igualdad.us.es\/wpblog\/wp-json\/wp\/v2\/posts\/2860\/revisions"}],"predecessor-version":[{"id":2863,"href":"https:\/\/igualdad.us.es\/wpblog\/wp-json\/wp\/v2\/posts\/2860\/revisions\/2863"}],"wp:featuredmedia":[{"embeddable":true,"href":"https:\/\/igualdad.us.es\/wpblog\/wp-json\/wp\/v2\/media\/2861"}],"wp:attachment":[{"href":"https:\/\/igualdad.us.es\/wpblog\/wp-json\/wp\/v2\/media?parent=2860"}],"wp:term":[{"taxonomy":"category","embeddable":true,"href":"https:\/\/igualdad.us.es\/wpblog\/wp-json\/wp\/v2\/categories?post=2860"},{"taxonomy":"post_tag","embeddable":true,"href":"https:\/\/igualdad.us.es\/wpblog\/wp-json\/wp\/v2\/tags?post=2860"}],"curies":[{"name":"wp","href":"https:\/\/api.w.org\/{rel}","templated":true}]}}