{"id":2814,"date":"2019-07-05T07:46:17","date_gmt":"2019-07-05T07:46:17","guid":{"rendered":"http:\/\/igualdad.us.es\/?p=2814"},"modified":"2019-11-27T11:11:03","modified_gmt":"2019-11-27T11:11:03","slug":"iradiando-igualdad-01x08","status":"publish","type":"post","link":"https:\/\/igualdad.us.es\/wpblog\/iradiando-igualdad-01x08\/","title":{"rendered":"iRadiando Igualdad 01&#215;08"},"content":{"rendered":"<p><strong><span style=\"color: #993366;\"><span class=\"episodioTit\">iRadiando <span style=\"color: #993366;\">Igualdad<\/span> 08&#215;01: LGTBI, diversidad sexual, orientaci\u00f3n sexual, queer<\/span><\/span><\/strong><br \/>\n<span style=\"color: #999999;\">(Actividad-2019)<\/span><\/p>\n<p>Coincidiendo con el 28 de junio, <span style=\"color: #cc99ff;\"><strong>D\u00eda Internacional del Orgullo LGBT<\/strong>,<\/span> en<span style=\"color: #993366;\"> <a style=\"color: #993366;\" href=\"https:\/\/igualdad.us.es\/?page_id=1861\"><span class=\"episodioTit\"><strong>iRadiando Igualdad<\/strong><\/span><\/a><\/span> hablamos sobre la representaci\u00f3n y lucha por los <strong>derechos de lesbianas, gays, bisexuales y trans<\/strong>. Hacemos un repaso a algunas <strong>pel\u00edculas, series y libros relacionados con el colectivo LGTBI<\/strong>, de las iniciativas realizadas en los \u00faltimos a\u00f1os en la universidad y como siempre contamos con la participaci\u00f3n de mujeres y hombres que trabajan por la igualdad y el derecho a la no discriminaci\u00f3n.<\/p>\n<p style=\"padding-left: 30px; text-align: justify;\"><a href=\"https:\/\/radio.us.es\/episodio\/i-radiando-igualdad-episodio-09x01-lgtbi-diversidad-sexual-orientacion-sexual-queer\/\" target=\"_blank\" rel=\"noopener\"><span style=\"color: #993366;\">Esc\u00fachalo aqu\u00ed<\/span> <img loading=\"lazy\" decoding=\"async\" class=\"size-full wp-image-923 alignnone\" src=\"https:\/\/igualdad.us.es\/wpblog\/wp-content\/uploads\/2018\/05\/microfono_20x20.png\" alt=\"\" width=\"20\" height=\"26\" \/><\/a> &#8211; <a href=\"https:\/\/radio.us.es\/wp-content\/uploads\/2019\/07\/iRadiando-Igualdad_01x08_Junio-1.mp3\" target=\"_blank\" rel=\"noopener\"><span style=\"color: #993366;\">Desc\u00e1rgalo aqu\u00ed<\/span> <img loading=\"lazy\" decoding=\"async\" class=\"size-full wp-image-925 alignnone\" src=\"https:\/\/igualdad.us.es\/wpblog\/wp-content\/uploads\/2018\/05\/descarga_20x20.png\" alt=\"\" width=\"20\" height=\"19\" \/><\/a><\/p>\n<p>Para el resto de programas pulsa <a href=\"https:\/\/igualdad.us.es\/?page_id=1861\"><span style=\"color: #993366;\">aqu\u00ed<\/span><\/a><\/p>\n","protected":false},"excerpt":{"rendered":"<p>LGTBI, diversidad sexual, orientaci\u00f3n sexual, queer<\/p>\n","protected":false},"author":1,"featured_media":1862,"comment_status":"closed","ping_status":"closed","sticky":false,"template":"","format":"standard","meta":{"footnotes":""},"categories":[31,39,27],"tags":[],"class_list":["post-2814","post","type-post","status-publish","format-standard","has-post-thumbnail","hentry","category-actividad","category-actividad-propia","category-noticia"],"gutentor_comment":0,"_links":{"self":[{"href":"https:\/\/igualdad.us.es\/wpblog\/wp-json\/wp\/v2\/posts\/2814","targetHints":{"allow":["GET"]}}],"collection":[{"href":"https:\/\/igualdad.us.es\/wpblog\/wp-json\/wp\/v2\/posts"}],"about":[{"href":"https:\/\/igualdad.us.es\/wpblog\/wp-json\/wp\/v2\/types\/post"}],"author":[{"embeddable":true,"href":"https:\/\/igualdad.us.es\/wpblog\/wp-json\/wp\/v2\/users\/1"}],"replies":[{"embeddable":true,"href":"https:\/\/igualdad.us.es\/wpblog\/wp-json\/wp\/v2\/comments?post=2814"}],"version-history":[{"count":4,"href":"https:\/\/igualdad.us.es\/wpblog\/wp-json\/wp\/v2\/posts\/2814\/revisions"}],"predecessor-version":[{"id":2873,"href":"https:\/\/igualdad.us.es\/wpblog\/wp-json\/wp\/v2\/posts\/2814\/revisions\/2873"}],"wp:featuredmedia":[{"embeddable":true,"href":"https:\/\/igualdad.us.es\/wpblog\/wp-json\/wp\/v2\/media\/1862"}],"wp:attachment":[{"href":"https:\/\/igualdad.us.es\/wpblog\/wp-json\/wp\/v2\/media?parent=2814"}],"wp:term":[{"taxonomy":"category","embeddable":true,"href":"https:\/\/igualdad.us.es\/wpblog\/wp-json\/wp\/v2\/categories?post=2814"},{"taxonomy":"post_tag","embeddable":true,"href":"https:\/\/igualdad.us.es\/wpblog\/wp-json\/wp\/v2\/tags?post=2814"}],"curies":[{"name":"wp","href":"https:\/\/api.w.org\/{rel}","templated":true}]}}