{"id":1956,"date":"2018-12-20T12:25:00","date_gmt":"2018-12-20T12:25:00","guid":{"rendered":"http:\/\/igualdad.us.es\/?p=1956"},"modified":"2019-01-10T09:12:36","modified_gmt":"2019-01-10T09:12:36","slug":"feliz-navidad-2019","status":"publish","type":"post","link":"https:\/\/igualdad.us.es\/wpblog\/feliz-navidad-2019\/","title":{"rendered":"Feliz Navidad 2019"},"content":{"rendered":"<p><span style=\"font-family: comic sans ms, sans-serif; font-size: 12pt;\">Desde el Vicerrectorado de los Servicios Sociales y Comunitarios de la Universidad de Sevilla queremos desearles una <strong><span style=\"color: #62388e;\">felices fiestas<\/span><\/strong>, adem\u00e1s de<strong><span style=\"color: #62388e;\"> paz y felicidad para el a\u00f1o 2019<\/span><\/strong>.<\/span><\/p>\n<p><span style=\"font-family: comic sans ms, sans-serif; font-size: 12pt;\">Ana M\u00aa L\u00f3pez Jim\u00e9nez, Vicerrectora de los Servicios Sociales y Comunitarios<\/span><\/p>\n<p><span style=\"font-family: comic sans ms, sans-serif; font-size: 12pt;\">Rosa Casado Mej\u00edas, Directora de la Unidad para la Igualdad<\/span><\/p>\n<p><img loading=\"lazy\" decoding=\"async\" class=\"aligncenter wp-image-1953 size-large\" src=\"https:\/\/igualdad.us.es\/wpblog\/wp-content\/uploads\/2018\/12\/VSSC_FelizNavidad-2019-692x1024.png\" alt=\"\" width=\"640\" height=\"947\" srcset=\"https:\/\/igualdad.us.es\/wpblog\/wp-content\/uploads\/2018\/12\/VSSC_FelizNavidad-2019-692x1024.png 692w, https:\/\/igualdad.us.es\/wpblog\/wp-content\/uploads\/2018\/12\/VSSC_FelizNavidad-2019-203x300.png 203w, https:\/\/igualdad.us.es\/wpblog\/wp-content\/uploads\/2018\/12\/VSSC_FelizNavidad-2019.png 751w\" sizes=\"auto, (max-width: 640px) 100vw, 640px\" \/><\/p>\n","protected":false},"excerpt":{"rendered":"<p>Desde el Vicerrectorado de los Servicios Sociales y Comunitarios de la Universidad de Sevilla queremos desearles una felices fiestas, adem\u00e1s de paz y felicidad para el a\u00f1o 2019. Ana M\u00aa L\u00f3pez Jim\u00e9nez, Vicerrectora de los Servicios Sociales y Comunitarios Rosa Casado Mej\u00edas, Directora de la Unidad para la Igualdad<\/p>\n","protected":false},"author":1,"featured_media":1954,"comment_status":"closed","ping_status":"closed","sticky":false,"template":"","format":"standard","meta":{"footnotes":""},"categories":[27,1],"tags":[],"class_list":["post-1956","post","type-post","status-publish","format-standard","has-post-thumbnail","hentry","category-noticia","category-sin-categoria"],"gutentor_comment":0,"_links":{"self":[{"href":"https:\/\/igualdad.us.es\/wpblog\/wp-json\/wp\/v2\/posts\/1956","targetHints":{"allow":["GET"]}}],"collection":[{"href":"https:\/\/igualdad.us.es\/wpblog\/wp-json\/wp\/v2\/posts"}],"about":[{"href":"https:\/\/igualdad.us.es\/wpblog\/wp-json\/wp\/v2\/types\/post"}],"author":[{"embeddable":true,"href":"https:\/\/igualdad.us.es\/wpblog\/wp-json\/wp\/v2\/users\/1"}],"replies":[{"embeddable":true,"href":"https:\/\/igualdad.us.es\/wpblog\/wp-json\/wp\/v2\/comments?post=1956"}],"version-history":[{"count":3,"href":"https:\/\/igualdad.us.es\/wpblog\/wp-json\/wp\/v2\/posts\/1956\/revisions"}],"predecessor-version":[{"id":1959,"href":"https:\/\/igualdad.us.es\/wpblog\/wp-json\/wp\/v2\/posts\/1956\/revisions\/1959"}],"wp:featuredmedia":[{"embeddable":true,"href":"https:\/\/igualdad.us.es\/wpblog\/wp-json\/wp\/v2\/media\/1954"}],"wp:attachment":[{"href":"https:\/\/igualdad.us.es\/wpblog\/wp-json\/wp\/v2\/media?parent=1956"}],"wp:term":[{"taxonomy":"category","embeddable":true,"href":"https:\/\/igualdad.us.es\/wpblog\/wp-json\/wp\/v2\/categories?post=1956"},{"taxonomy":"post_tag","embeddable":true,"href":"https:\/\/igualdad.us.es\/wpblog\/wp-json\/wp\/v2\/tags?post=1956"}],"curies":[{"name":"wp","href":"https:\/\/api.w.org\/{rel}","templated":true}]}}