{"id":1553,"date":"2018-09-19T10:49:37","date_gmt":"2018-09-19T10:49:37","guid":{"rendered":"http:\/\/igualdad.us.es\/wpblog\/?p=1553"},"modified":"2018-10-15T05:23:22","modified_gmt":"2018-10-15T05:23:22","slug":"donde-estan-nuestros-pezones","status":"publish","type":"post","link":"https:\/\/igualdad.us.es\/wpblog\/donde-estan-nuestros-pezones\/","title":{"rendered":"\u00bfD\u00f3nde est\u00e1n nuestros pezones?"},"content":{"rendered":"<p><strong><span style=\"color: #993366;\">Rodaje del proyecto \u00bfD\u00f3nde est\u00e1n nuestros pezones? <\/span><\/strong><br \/>\n<span style=\"color: #999999;\">(2018)<\/span><\/p>\n<p>\u00abLos pezones de los hombres son pr\u00e1cticamente id\u00e9nticos a los de las mujeres, pero socialmente no existen. No existen en el diccionario, no existen en la vida social, ellos pueden ense\u00f1arlos tranquilamente casi en cualquier contexto informal. Son la prueba de la construcci\u00f3n desigual y sexista de los cuerpos\u00bb. Cuesti\u00f3n de pezones\/Pikara Magazin<\/p>\n<p>\u00bfD\u00f3nde est\u00e1n nuestros pezones?<br \/>\n\u00bfEst\u00e1s hasta las tetas del patriarcado?<br \/>\n\u00bfDe que censuren nuestros pezones?<br \/>\n\u00bfDe que cosifiquen nuestros cuerpos?<br \/>\n\u00a1Nosotras tambi\u00e9n!<\/p>\n<p>Un grupo de j\u00f3venes entusiastas, entre los que se encuentra <a style=\"color: #993366;\" href=\"https:\/\/nuncafuimossuperwoman.wordpress.com\/2016\/05\/22\/biografia-biographies\/\" target=\"_blank\" rel=\"noopener\">Paula Romero Gonz\u00e1lez<\/a>, Periodista (realizadora audiovisual e investigadora en estudios de g\u00e9nero), ponen en marcha un proyecto de v\u00eddeo-arte creativo cuya finalidad es mostrar la pluralidad de los pechos femeninos, naturalizando su visibilidad y revindicando el espacio que se merecen, al margen de la sexualizaci\u00f3n que la industria hace de nuestros senos. Para ello, buscan la participaci\u00f3n de mujeres plurales y diversas dispuestas a mostrar sus pechos (solo el busto) frente a la c\u00e1mara.<\/p>\n<p>Si est\u00e1s en Sevilla los d\u00edas <strong>5, 6 y 7 de octubre<\/strong> colabora con nosotras y ay\u00fadanos a encontrar nuestros pezones.<\/p>\n<p><strong>Publicidad: <\/strong><a style=\"color: #993366;\" href=\"https:\/\/igualdad.us.es\/wpblog\/wp-content\/uploads\/2018\/09\/Rodaje-pezones-Sevilla-2018.jpeg\" target=\"_blank\" rel=\"noopener\">Aqu\u00ed<\/a><br \/>\n<strong>+ Informaci\u00f3n e Inscripci\u00f3n: <\/strong><a style=\"color: #993366;\" href=\"https:\/\/docs.google.com\/forms\/d\/12312XsgxmAPLE7eA-e02_wNnjloLGzdhVx-2yw0RMHc\/viewform?edit_requested=true\" target=\"_blank\" rel=\"noopener\">Aqu\u00ed<\/a><\/p>\n<p>&nbsp;<\/p>\n","protected":false},"excerpt":{"rendered":"<p>V\u00eddeo-arte, rodaje el 5, 6 y 7 de octubre de 2018<\/p>\n","protected":false},"author":1,"featured_media":1704,"comment_status":"closed","ping_status":"closed","sticky":false,"template":"","format":"standard","meta":{"footnotes":""},"categories":[31,41,27],"tags":[],"class_list":["post-1553","post","type-post","status-publish","format-standard","has-post-thumbnail","hentry","category-actividad","category-actividad-externa","category-noticia"],"gutentor_comment":0,"_links":{"self":[{"href":"https:\/\/igualdad.us.es\/wpblog\/wp-json\/wp\/v2\/posts\/1553","targetHints":{"allow":["GET"]}}],"collection":[{"href":"https:\/\/igualdad.us.es\/wpblog\/wp-json\/wp\/v2\/posts"}],"about":[{"href":"https:\/\/igualdad.us.es\/wpblog\/wp-json\/wp\/v2\/types\/post"}],"author":[{"embeddable":true,"href":"https:\/\/igualdad.us.es\/wpblog\/wp-json\/wp\/v2\/users\/1"}],"replies":[{"embeddable":true,"href":"https:\/\/igualdad.us.es\/wpblog\/wp-json\/wp\/v2\/comments?post=1553"}],"version-history":[{"count":5,"href":"https:\/\/igualdad.us.es\/wpblog\/wp-json\/wp\/v2\/posts\/1553\/revisions"}],"predecessor-version":[{"id":1705,"href":"https:\/\/igualdad.us.es\/wpblog\/wp-json\/wp\/v2\/posts\/1553\/revisions\/1705"}],"wp:featuredmedia":[{"embeddable":true,"href":"https:\/\/igualdad.us.es\/wpblog\/wp-json\/wp\/v2\/media\/1704"}],"wp:attachment":[{"href":"https:\/\/igualdad.us.es\/wpblog\/wp-json\/wp\/v2\/media?parent=1553"}],"wp:term":[{"taxonomy":"category","embeddable":true,"href":"https:\/\/igualdad.us.es\/wpblog\/wp-json\/wp\/v2\/categories?post=1553"},{"taxonomy":"post_tag","embeddable":true,"href":"https:\/\/igualdad.us.es\/wpblog\/wp-json\/wp\/v2\/tags?post=1553"}],"curies":[{"name":"wp","href":"https:\/\/api.w.org\/{rel}","templated":true}]}}